{"id":157,"date":"2017-07-27T15:48:47","date_gmt":"2017-07-27T13:48:47","guid":{"rendered":"https:\/\/www.steigerwaldholz.de\/wordpress\/?p=157"},"modified":"2023-04-20T21:34:43","modified_gmt":"2023-04-20T19:34:43","slug":"ferien-am-bodensee-mit-holz-aus-franken","status":"publish","type":"post","link":"https:\/\/www.steigerwaldholz.de\/wordpress\/ferien-am-bodensee-mit-holz-aus-franken\/","title":{"rendered":"Ferien am Bodensee mit Holz aus Franken"},"content":{"rendered":"<h2>&#8222;Bodensee ! Mehr als ein Sommerflirt.&#8220;<\/h2>\n<h3>Diesen Werbeslogan der <a href=\"http:\/\/www.bodensee.eu\/de\">Vier L\u00e4nder Region Bodensee<\/a> hatte scheinbar auch mein Kunde im Sinn, als es ihn vor einiger Zeit beruflich aus dem <a href=\"http:\/\/www.karpfenland-aischgrund.eu\/\">Karpfenland Aischgrund,<\/a> an das gr\u00f6\u00dfte Binnengew\u00e4sser Deutschlands zog.<\/h3>\n<h3>Da die neue Immobilie nah am See gelegen und gro\u00df genug f\u00fcr Familie und G\u00e4ste war, sollte eine Ferienwohnung und ein G\u00e4stezimmer eingerichtet werden.<\/h3>\n<figure id=\"attachment_223\" aria-describedby=\"caption-attachment-223\" style=\"width: 1024px\" class=\"wp-caption aligncenter\"><img loading=\"lazy\" decoding=\"async\" class=\"wp-image-223 size-full\" src=\"https:\/\/www.steigerwaldholz.de\/wordpress\/wp-content\/uploads\/2017\/07\/Eiche-Stabparkett-aus-den-50er-Jahren-in-der-Kueche-1024x768-1.jpg\" alt=\"\" width=\"1024\" height=\"768\" srcset=\"https:\/\/www.steigerwaldholz.de\/wordpress\/wp-content\/uploads\/2017\/07\/Eiche-Stabparkett-aus-den-50er-Jahren-in-der-Kueche-1024x768-1.jpg 1024w, https:\/\/www.steigerwaldholz.de\/wordpress\/wp-content\/uploads\/2017\/07\/Eiche-Stabparkett-aus-den-50er-Jahren-in-der-Kueche-1024x768-1-300x225.jpg 300w, https:\/\/www.steigerwaldholz.de\/wordpress\/wp-content\/uploads\/2017\/07\/Eiche-Stabparkett-aus-den-50er-Jahren-in-der-Kueche-1024x768-1-768x576.jpg 768w\" sizes=\"auto, (max-width: 767px) 89vw, (max-width: 1000px) 54vw, (max-width: 1071px) 543px, 580px\" \/><figcaption id=\"caption-attachment-223\" class=\"wp-caption-text\">Eiche Fussboden aus den 50er Jahren<\/figcaption><\/figure>\n<h3>Der Boden sollte perfekt zum Eiche Parkett aus den F\u00fcnfziger Jahren passen, welches bereits im Haus verlegt war.<\/h3>\n<h3><\/h3>\n<h3>Da wir selber so kleine Parkettst\u00e4be nicht fertigen, fiel die Wahl auf einen massiven <a href=\"http:\/\/www.gunreben.de\/parkett-parkett-220\/stabparkett-22-mm-parkett-224\/eiche-naturell\">Stabparkett aus Spessart Eiche, der Sortierung Naturell, von der Fa. Gunreben in Strullendorf.<\/a><\/h3>\n<h3>Lebhaft mit etwas Splintanteil und wenigen \u00c4sten, passte das Format 22x80x320 mm ideal zum bestehenden Fu\u00dfboden.<\/h3>\n<h3>Au\u00dferdem durch die Nut-Feder-Verbindung leicht, f\u00fcr den im B\u00fcro t\u00e4tigen, aber handwerklich geschickten Hausherrn, zu verlegen.<\/h3>\n<figure id=\"attachment_167\" aria-describedby=\"caption-attachment-167\" style=\"width: 525px\" class=\"wp-caption alignright\"><img loading=\"lazy\" decoding=\"async\" class=\"wp-image-167 size-large\" src=\"https:\/\/www.steigerwaldholz.de\/wordpress\/wp-content\/uploads\/2017\/05\/Estrich-nach-dem-Entfernen-des-Linoleum-Bodens-e1495280045171-768x1024.jpg\" alt=\"Fu\u00dfboden vor der Verlegung\" width=\"525\" height=\"700\" srcset=\"https:\/\/www.steigerwaldholz.de\/wordpress\/wp-content\/uploads\/2017\/05\/Estrich-nach-dem-Entfernen-des-Linoleum-Bodens-e1495280045171-768x1024.jpg 768w, https:\/\/www.steigerwaldholz.de\/wordpress\/wp-content\/uploads\/2017\/05\/Estrich-nach-dem-Entfernen-des-Linoleum-Bodens-e1495280045171-225x300.jpg 225w\" sizes=\"auto, (max-width: 525px) 100vw, 525px\" \/><figcaption id=\"caption-attachment-167\" class=\"wp-caption-text\"><em>Fu\u00dfboden vor der Verlegung.<\/em><\/figcaption><\/figure>\n<h3>Bis dahin musste aber erst einmal kr\u00e4ftig renoviert werden. Der alte Linoleum-Boden musste raus, s\u00e4mtliche Klebstoffreste entfernt und der Boden leicht angeschliffen werden, damit bei der Verklebung des neuen Fu\u00dfbodens, der <a href=\"http:\/\/www.gunreben.de\/parkett-parkett-220\/parkettzubeharkett-235\/klebstoffe-voranstriche\/sm-polymer\">SM-Polymer Klebstoff<\/a> optimal am Untergrund haften kann.<\/h3>\n<h3>Stabparkett zu verlegen ist keine gro\u00dfe Kunst, aber man muss sauber und pr\u00e4zise arbeiten. Der verwendete Kleber muss zum Untergrund sowie zum Holz passen. Auf fachm\u00e4nnische Beratung sollte hier nicht verzichtet werden.<\/h3>\n<h3>Die ersten Reihen m\u00fcssen sehr sorgf\u00e4ltig und sauber verlegt werden, da Fehler sich im weiteren Verlauf nur schwer ausbessern lassen. Am besten man d\u00fcbelt sich einen geraden Anschlag auf den Boden an dem die ersten 3 &#8211; 4 Reihen perfekt ausgerichtet werden k\u00f6nnen. Nach dem Aush\u00e4rten kann der Anschlag dann entfernt und der Boden z\u00fcgig weiter verlegt werden.<\/h3>\n<figure id=\"attachment_162\" aria-describedby=\"caption-attachment-162\" style=\"width: 525px\" class=\"wp-caption aligncenter\"><img loading=\"lazy\" decoding=\"async\" class=\"wp-image-162 size-large\" src=\"https:\/\/www.steigerwaldholz.de\/wordpress\/wp-content\/uploads\/2017\/05\/Stabparkett-Eiche-anlegen-1024x680.jpg\" alt=\"Anlegen der ersten Parkett-Reihen\" width=\"525\" height=\"349\" srcset=\"https:\/\/www.steigerwaldholz.de\/wordpress\/wp-content\/uploads\/2017\/05\/Stabparkett-Eiche-anlegen-1024x680.jpg 1024w, https:\/\/www.steigerwaldholz.de\/wordpress\/wp-content\/uploads\/2017\/05\/Stabparkett-Eiche-anlegen-300x199.jpg 300w, https:\/\/www.steigerwaldholz.de\/wordpress\/wp-content\/uploads\/2017\/05\/Stabparkett-Eiche-anlegen-768x510.jpg 768w, https:\/\/www.steigerwaldholz.de\/wordpress\/wp-content\/uploads\/2017\/05\/Stabparkett-Eiche-anlegen.jpg 1280w\" sizes=\"auto, (max-width: 525px) 100vw, 525px\" \/><figcaption id=\"caption-attachment-162\" class=\"wp-caption-text\"><em>Anlegen der ersten Parkett-Reihen.<\/em><\/figcaption><\/figure>\n<h3>Der Kleber wird mit einer passenden Zahnspachtel auf den vorbereiteten Untergrund aufgezogen. Etwa zwei Reihen breit, damit man ohne Zeitdruck den Boden einlegen kann, bevor der Kleber nach etwa 30 Minuten beginnt langsam abzubinden.<\/h3>\n<figure id=\"attachment_163\" aria-describedby=\"caption-attachment-163\" style=\"width: 850px\" class=\"wp-caption alignright\"><img loading=\"lazy\" decoding=\"async\" class=\"wp-image-163 size-full\" src=\"https:\/\/www.steigerwaldholz.de\/wordpress\/wp-content\/uploads\/2017\/05\/Stabparkett-Eiche-auf-den-Estrich-aufkleben.jpg\" alt=\"Verklebung der einzelnen Eiche St\u00e4be\" width=\"850\" height=\"1280\" srcset=\"https:\/\/www.steigerwaldholz.de\/wordpress\/wp-content\/uploads\/2017\/05\/Stabparkett-Eiche-auf-den-Estrich-aufkleben.jpg 850w, https:\/\/www.steigerwaldholz.de\/wordpress\/wp-content\/uploads\/2017\/05\/Stabparkett-Eiche-auf-den-Estrich-aufkleben-199x300.jpg 199w, https:\/\/www.steigerwaldholz.de\/wordpress\/wp-content\/uploads\/2017\/05\/Stabparkett-Eiche-auf-den-Estrich-aufkleben-768x1157.jpg 768w, https:\/\/www.steigerwaldholz.de\/wordpress\/wp-content\/uploads\/2017\/05\/Stabparkett-Eiche-auf-den-Estrich-aufkleben-680x1024.jpg 680w\" sizes=\"auto, (max-width: 767px) 89vw, (max-width: 1000px) 54vw, (max-width: 1071px) 543px, 580px\" \/><figcaption id=\"caption-attachment-163\" class=\"wp-caption-text\"><em>Verklebung der einzelnen Eiche St\u00e4be.<\/em><\/figcaption><\/figure>\n<h3>Ein Abstand zur Wand von 10 &#8211; 15 Millimeter sollte durchgehend eingehalten werden, damit der Boden arbeiten kann ohne anzusto\u00dfen.<\/h3>\n<h3>Anleitungen finden sich gen\u00fcgend dazu im Internet.<\/h3>\n<h3>Nach erfolgreicher Verlegung kommt der n\u00e4chste wichtige Akt bei einem massiven Parkettboden zur Ausf\u00fchrung: <a href=\"http:\/\/www.holz-weiss.de\/schleifen.htm\">das Schleifen des noch rohen Parkettbodens.<\/a><\/h3>\n<h3>Damit steht und f\u00e4llt die Optik des neuen Fu\u00dfbodens. Wer sich das nicht selber zutraut und nicht\u00a0etwas Zeit in die Handhabung einer Parkett-Schleifmaschine investieren will, sollte dies von einem Fachmann ausf\u00fchren lassen.<\/h3>\n<figure id=\"attachment_224\" aria-describedby=\"caption-attachment-224\" style=\"width: 768px\" class=\"wp-caption aligncenter\"><img loading=\"lazy\" decoding=\"async\" class=\"wp-image-224 size-full\" src=\"https:\/\/www.steigerwaldholz.de\/wordpress\/wp-content\/uploads\/2017\/07\/Fuss\u009fboden-schleifen-mit-Parkettschleifmaschine-1024x768-1-e1682018703461.jpg\" alt=\"\" width=\"768\" height=\"1024\" srcset=\"https:\/\/www.steigerwaldholz.de\/wordpress\/wp-content\/uploads\/2017\/07\/Fuss\u009fboden-schleifen-mit-Parkettschleifmaschine-1024x768-1-e1682018703461.jpg 768w, https:\/\/www.steigerwaldholz.de\/wordpress\/wp-content\/uploads\/2017\/07\/Fuss\u009fboden-schleifen-mit-Parkettschleifmaschine-1024x768-1-e1682018703461-225x300.jpg 225w\" sizes=\"auto, (max-width: 767px) 89vw, (max-width: 1000px) 54vw, (max-width: 1071px) 543px, 580px\" \/><figcaption id=\"caption-attachment-224\" class=\"wp-caption-text\">Fussboden Fl\u00e4chen schleifen mit Bandschleifmaschine<\/figcaption><\/figure>\n<p><img loading=\"lazy\" decoding=\"async\" class=\"aligncenter wp-image-225 size-full\" title=\"R\u00e4nder schleifen mit Randschleifer\" src=\"https:\/\/www.steigerwaldholz.de\/wordpress\/wp-content\/uploads\/2017\/07\/Fuss\u009fboden-Raender-schleifen-mit-Randschleifer-768x576-1.jpg\" alt=\"\" width=\"768\" height=\"576\" srcset=\"https:\/\/www.steigerwaldholz.de\/wordpress\/wp-content\/uploads\/2017\/07\/Fuss\u009fboden-Raender-schleifen-mit-Randschleifer-768x576-1.jpg 768w, https:\/\/www.steigerwaldholz.de\/wordpress\/wp-content\/uploads\/2017\/07\/Fuss\u009fboden-Raender-schleifen-mit-Randschleifer-768x576-1-300x225.jpg 300w\" sizes=\"auto, (max-width: 767px) 89vw, (max-width: 1000px) 54vw, (max-width: 1071px) 543px, 580px\" \/><\/p>\n<p><img loading=\"lazy\" decoding=\"async\" class=\"aligncenter wp-image-226 size-full\" src=\"https:\/\/www.steigerwaldholz.de\/wordpress\/wp-content\/uploads\/2017\/07\/Geschliffener-Boden-768x576-1.jpg\" alt=\"\" width=\"768\" height=\"576\" srcset=\"https:\/\/www.steigerwaldholz.de\/wordpress\/wp-content\/uploads\/2017\/07\/Geschliffener-Boden-768x576-1.jpg 768w, https:\/\/www.steigerwaldholz.de\/wordpress\/wp-content\/uploads\/2017\/07\/Geschliffener-Boden-768x576-1-300x225.jpg 300w\" sizes=\"auto, (max-width: 767px) 89vw, (max-width: 1000px) 54vw, (max-width: 1071px) 543px, 580px\" \/><\/p>\n<h3>Der Rest ist ein Kinderspiel. Die Oberfl\u00e4che wurde mit <a href=\"http:\/\/www.osmo.de\/navigate.do?id=5763&amp;name=Hartwachs-%C3%96l+Rapid&amp;lang=de\">OSMO Hartwachs-\u00d6l Rapid farblos<\/a> behandelt. Ein nat\u00fcrlicher Holzanstrich, der trittfest, wasser- und schmutzabweisend, sowie sehr robust ist.<\/h3>\n<h3>Dabei ist die Anwendung einfach und schnell. OSMO Hartwachs-\u00d6l Rapid wird auf den geschliffenen Boden ( mindestens Korn 150 ) lediglich zwei mal aufgetragen.<\/h3>\n<h3>Dazu verwendet man am besten eine kurzfloorige Rolle um das Material d\u00fcnn und gleichm\u00e4\u00dfig zu verteilen. Nach dem ersten Anstrich kann bereits nach ca. 4 Stunden die n\u00e4chste Schicht aufgetragen werden.<\/h3>\n<figure id=\"attachment_166\" aria-describedby=\"caption-attachment-166\" style=\"width: 460px\" class=\"wp-caption aligncenter\"><img loading=\"lazy\" decoding=\"async\" class=\"wp-image-166\" src=\"https:\/\/www.steigerwaldholz.de\/wordpress\/wp-content\/uploads\/2017\/05\/Eiche-Stabparkett-oelen-mit-OSMO-Hartwachsoel-300x225.jpg\" alt=\"OSMO Hartwachs-\u00d6l Rapid ausrollen\" width=\"460\" height=\"345\" srcset=\"https:\/\/www.steigerwaldholz.de\/wordpress\/wp-content\/uploads\/2017\/05\/Eiche-Stabparkett-oelen-mit-OSMO-Hartwachsoel-300x225.jpg 300w, https:\/\/www.steigerwaldholz.de\/wordpress\/wp-content\/uploads\/2017\/05\/Eiche-Stabparkett-oelen-mit-OSMO-Hartwachsoel-768x576.jpg 768w, https:\/\/www.steigerwaldholz.de\/wordpress\/wp-content\/uploads\/2017\/05\/Eiche-Stabparkett-oelen-mit-OSMO-Hartwachsoel-1024x768.jpg 1024w\" sizes=\"auto, (max-width: 460px) 100vw, 460px\" \/><figcaption id=\"caption-attachment-166\" class=\"wp-caption-text\"><em>OSMO Hartwachs-\u00d6l Rapid ausrollen<\/em><\/figcaption><\/figure>\n<p><img loading=\"lazy\" decoding=\"async\" class=\"aligncenter wp-image-227 size-full\" src=\"https:\/\/www.steigerwaldholz.de\/wordpress\/wp-content\/uploads\/2017\/07\/Eiche-Stabparkett-frisch-geoelt-mit-OSMO-Hwoel-1-scaled.jpg\" alt=\"\" width=\"1920\" height=\"2560\" srcset=\"https:\/\/www.steigerwaldholz.de\/wordpress\/wp-content\/uploads\/2017\/07\/Eiche-Stabparkett-frisch-geoelt-mit-OSMO-Hwoel-1-scaled.jpg 1920w, https:\/\/www.steigerwaldholz.de\/wordpress\/wp-content\/uploads\/2017\/07\/Eiche-Stabparkett-frisch-geoelt-mit-OSMO-Hwoel-1-225x300.jpg 225w, https:\/\/www.steigerwaldholz.de\/wordpress\/wp-content\/uploads\/2017\/07\/Eiche-Stabparkett-frisch-geoelt-mit-OSMO-Hwoel-1-768x1024.jpg 768w, https:\/\/www.steigerwaldholz.de\/wordpress\/wp-content\/uploads\/2017\/07\/Eiche-Stabparkett-frisch-geoelt-mit-OSMO-Hwoel-1-1152x1536.jpg 1152w, https:\/\/www.steigerwaldholz.de\/wordpress\/wp-content\/uploads\/2017\/07\/Eiche-Stabparkett-frisch-geoelt-mit-OSMO-Hwoel-1-1536x2048.jpg 1536w\" sizes=\"auto, (max-width: 767px) 89vw, (max-width: 1000px) 54vw, (max-width: 1071px) 543px, 580px\" \/><\/p>\n<figure id=\"attachment_183\" aria-describedby=\"caption-attachment-183\" style=\"width: 1024px\" class=\"wp-caption alignnone\"><img loading=\"lazy\" decoding=\"async\" class=\"wp-image-183\" src=\"https:\/\/www.steigerwaldholz.de\/wordpress\/wp-content\/uploads\/2017\/07\/IMG_2477.jpg\" alt=\"Eiche Stabparkett mit OSMO Hartwachs-\u00d6l behandelt\" width=\"1024\" height=\"768\" srcset=\"https:\/\/www.steigerwaldholz.de\/wordpress\/wp-content\/uploads\/2017\/07\/IMG_2477.jpg 4032w, https:\/\/www.steigerwaldholz.de\/wordpress\/wp-content\/uploads\/2017\/07\/IMG_2477-300x225.jpg 300w, https:\/\/www.steigerwaldholz.de\/wordpress\/wp-content\/uploads\/2017\/07\/IMG_2477-768x576.jpg 768w, https:\/\/www.steigerwaldholz.de\/wordpress\/wp-content\/uploads\/2017\/07\/IMG_2477-1024x768.jpg 1024w\" sizes=\"auto, (max-width: 767px) 89vw, (max-width: 1000px) 54vw, (max-width: 1071px) 543px, 580px\" \/><figcaption id=\"caption-attachment-183\" class=\"wp-caption-text\"><em>Der fertige, mit OSMO Hartwachs-\u00d6l behandelte Fu\u00dfboden<\/em><\/figcaption><\/figure>\n<h3>Im Gegensatz zu oxidativen \u00d6len muss auch nichts mit der Einscheibenmaschine einmassiert, abgenommen, noch poliert werden.<\/h3>\n<h3>Zwei Anstriche ohne Zwischenschliff gen\u00fcgen und k\u00f6nnen an einem Tag ausgef\u00fchrt werden, so dass am n\u00e4chsten Morgen bereits der Raum eingeleistet und bei Bedarf\u00a0einger\u00e4umt werden kann.<\/h3>\n<figure id=\"attachment_186\" aria-describedby=\"caption-attachment-186\" style=\"width: 1024px\" class=\"wp-caption aligncenter\"><img loading=\"lazy\" decoding=\"async\" class=\"wp-image-186 size-full\" src=\"https:\/\/www.steigerwaldholz.de\/wordpress\/wp-content\/uploads\/2017\/07\/IMG-20170514-WA0005.jpg\" alt=\"Eiche Stabparkett massiv 22 mm\" width=\"1024\" height=\"680\" srcset=\"https:\/\/www.steigerwaldholz.de\/wordpress\/wp-content\/uploads\/2017\/07\/IMG-20170514-WA0005.jpg 1024w, https:\/\/www.steigerwaldholz.de\/wordpress\/wp-content\/uploads\/2017\/07\/IMG-20170514-WA0005-300x199.jpg 300w, https:\/\/www.steigerwaldholz.de\/wordpress\/wp-content\/uploads\/2017\/07\/IMG-20170514-WA0005-768x510.jpg 768w\" sizes=\"auto, (max-width: 767px) 89vw, (max-width: 1000px) 54vw, (max-width: 1071px) 543px, 580px\" \/><figcaption id=\"caption-attachment-186\" class=\"wp-caption-text\"><em>Das Endergebnis: komplett eingeleistet und bezugsfertig<\/em><\/figcaption><\/figure>\n<h3>Ein Ergebnis, das sich f\u00fcr einen Laien sehen lassen kann und gleichzeitig zeigt, dass auch ein ambitionierter Heimwerker keine Angst vor der Verlegung von massivem Stabparkett haben muss.<\/h3>\n","protected":false},"excerpt":{"rendered":"<p>&#8222;Bodensee ! Mehr als ein Sommerflirt.&#8220; Diesen Werbeslogan der Vier L\u00e4nder Region Bodensee hatte scheinbar auch mein Kunde im Sinn, als es ihn vor einiger Zeit beruflich aus dem Karpfenland Aischgrund, an das gr\u00f6\u00dfte Binnengew\u00e4sser Deutschlands zog. Da die neue Immobilie nah am See gelegen und gro\u00df genug f\u00fcr Familie und G\u00e4ste war, sollte eine &hellip; <\/p>\n<p class=\"link-more\"><a href=\"https:\/\/www.steigerwaldholz.de\/wordpress\/ferien-am-bodensee-mit-holz-aus-franken\/\" class=\"more-link\"><span class=\"screen-reader-text\">\u201eFerien am Bodensee mit Holz aus Franken\u201c<\/span> weiterlesen<\/a><\/p>\n","protected":false},"author":1,"featured_media":0,"comment_status":"open","ping_status":"open","sticky":false,"template":"","format":"standard","meta":{"footnotes":""},"categories":[1],"tags":[],"class_list":["post-157","post","type-post","status-publish","format-standard","hentry","category-allgemein"],"_links":{"self":[{"href":"https:\/\/www.steigerwaldholz.de\/wordpress\/wp-json\/wp\/v2\/posts\/157","targetHints":{"allow":["GET"]}}],"collection":[{"href":"https:\/\/www.steigerwaldholz.de\/wordpress\/wp-json\/wp\/v2\/posts"}],"about":[{"href":"https:\/\/www.steigerwaldholz.de\/wordpress\/wp-json\/wp\/v2\/types\/post"}],"author":[{"embeddable":true,"href":"https:\/\/www.steigerwaldholz.de\/wordpress\/wp-json\/wp\/v2\/users\/1"}],"replies":[{"embeddable":true,"href":"https:\/\/www.steigerwaldholz.de\/wordpress\/wp-json\/wp\/v2\/comments?post=157"}],"version-history":[{"count":19,"href":"https:\/\/www.steigerwaldholz.de\/wordpress\/wp-json\/wp\/v2\/posts\/157\/revisions"}],"predecessor-version":[{"id":228,"href":"https:\/\/www.steigerwaldholz.de\/wordpress\/wp-json\/wp\/v2\/posts\/157\/revisions\/228"}],"wp:attachment":[{"href":"https:\/\/www.steigerwaldholz.de\/wordpress\/wp-json\/wp\/v2\/media?parent=157"}],"wp:term":[{"taxonomy":"category","embeddable":true,"href":"https:\/\/www.steigerwaldholz.de\/wordpress\/wp-json\/wp\/v2\/categories?post=157"},{"taxonomy":"post_tag","embeddable":true,"href":"https:\/\/www.steigerwaldholz.de\/wordpress\/wp-json\/wp\/v2\/tags?post=157"}],"curies":[{"name":"wp","href":"https:\/\/api.w.org\/{rel}","templated":true}]}}