{"id":1,"date":"2017-03-18T11:06:36","date_gmt":"2017-03-18T10:06:36","guid":{"rendered":"https:\/\/www.steigerwaldholz.de\/wordpress\/?p=1"},"modified":"2023-04-20T21:00:57","modified_gmt":"2023-04-20T19:00:57","slug":"hallo-welt","status":"publish","type":"post","link":"https:\/\/www.steigerwaldholz.de\/wordpress\/hallo-welt\/","title":{"rendered":"Eine Buche Leiste f\u00fcr die Kunst &#8230;"},"content":{"rendered":"<figure id=\"attachment_65\" aria-describedby=\"caption-attachment-65\" style=\"width: 225px\" class=\"wp-caption alignright\"><img loading=\"lazy\" decoding=\"async\" class=\"wp-image-65 size-medium\" src=\"https:\/\/www.steigerwaldholz.de\/wordpress\/wp-content\/uploads\/2017\/03\/Buche-Rundholz-Sailershausen-225x300.jpg\" alt=\"\" width=\"225\" height=\"300\" srcset=\"https:\/\/www.steigerwaldholz.de\/wordpress\/wp-content\/uploads\/2017\/03\/Buche-Rundholz-Sailershausen-225x300.jpg 225w, https:\/\/www.steigerwaldholz.de\/wordpress\/wp-content\/uploads\/2017\/03\/Buche-Rundholz-Sailershausen-768x1024.jpg 768w, https:\/\/www.steigerwaldholz.de\/wordpress\/wp-content\/uploads\/2017\/03\/Buche-Rundholz-Sailershausen.jpg 1024w\" sizes=\"auto, (max-width: 225px) 100vw, 225px\" \/><figcaption id=\"caption-attachment-65\" class=\"wp-caption-text\"><em>Buche Rundholz aus dem Universit\u00e4tsforstamt Sailershausen.<\/em><\/figcaption><\/figure>\n<h3>Wenn ich die St\u00e4mme beim Einkauf im Wald begutachte, frage ich mich oft, was wird wohl in naher Zukunft aus dem wertvollen Rundholz hergestellt werden ?<\/h3>\n<h3>Ich genie\u00dfe diese Ausfl\u00fcge in den Wald immer sehr und meine Gedanken sind dann oft bei den bereits vergangenen Generationen, die uns durch ihre nachhaltige Bewirtschaftung die heutige Holznutzung erst m\u00f6glich gemacht haben.<\/h3>\n<h3>Was hatten sie wohl f\u00fcr Vorstellungen \u00fcber die Holzwirtschaft in der Zukunft,\u00a0 f\u00fcr die Verwendung des kleinen Pfl\u00e4nzchens, das da in ihrem Wald \u00fcber mehrere Generationen zu einem stattlichen Baum heranwachsen sollte ?<\/h3>\n<h3>Egal was sp\u00e4ter einmal daraus werden wird, das wertvolle Holz muss erstmal zu Brettern aufges\u00e4gt werden, damit es trocknen kann&#8230;so wie man es schon vor hunderten von Jahren gemacht hat&#8230;<\/h3>\n<p><img loading=\"lazy\" decoding=\"async\" class=\"aligncenter size-medium wp-image-220\" src=\"https:\/\/www.steigerwaldholz.de\/wordpress\/wp-content\/uploads\/2017\/03\/20170208_154225-225x300.jpg\" alt=\"\" width=\"225\" height=\"300\" srcset=\"https:\/\/www.steigerwaldholz.de\/wordpress\/wp-content\/uploads\/2017\/03\/20170208_154225-225x300.jpg 225w, https:\/\/www.steigerwaldholz.de\/wordpress\/wp-content\/uploads\/2017\/03\/20170208_154225-768x1024.jpg 768w, https:\/\/www.steigerwaldholz.de\/wordpress\/wp-content\/uploads\/2017\/03\/20170208_154225-1152x1536.jpg 1152w, https:\/\/www.steigerwaldholz.de\/wordpress\/wp-content\/uploads\/2017\/03\/20170208_154225-1536x2048.jpg 1536w, https:\/\/www.steigerwaldholz.de\/wordpress\/wp-content\/uploads\/2017\/03\/20170208_154225-scaled.jpg 1920w\" sizes=\"auto, (max-width: 225px) 100vw, 225px\" \/><\/p>\n<figure id=\"attachment_71\" aria-describedby=\"caption-attachment-71\" style=\"width: 190px\" class=\"wp-caption alignright\"><img loading=\"lazy\" decoding=\"async\" class=\"wp-image-71\" src=\"https:\/\/www.steigerwaldholz.de\/wordpress\/wp-content\/uploads\/2017\/03\/Buche-Schnittholz-225x300.jpg\" alt=\"Buche Schnittholz\" width=\"190\" height=\"253\" srcset=\"https:\/\/www.steigerwaldholz.de\/wordpress\/wp-content\/uploads\/2017\/03\/Buche-Schnittholz-225x300.jpg 225w, https:\/\/www.steigerwaldholz.de\/wordpress\/wp-content\/uploads\/2017\/03\/Buche-Schnittholz-768x1024.jpg 768w, https:\/\/www.steigerwaldholz.de\/wordpress\/wp-content\/uploads\/2017\/03\/Buche-Schnittholz.jpg 1024w\" sizes=\"auto, (max-width: 190px) 100vw, 190px\" \/><figcaption id=\"caption-attachment-71\" class=\"wp-caption-text\"><em>Buche Schnittholz vor der Trocknung.<\/em><\/figcaption><\/figure>\n<h3>&#8230;bevor es schlie\u00dflich verkauft oder weiterverarbeitet werden kann.<\/h3>\n<h3><\/h3>\n<figure id=\"attachment_73\" aria-describedby=\"caption-attachment-73\" style=\"width: 300px\" class=\"wp-caption alignright\"><img loading=\"lazy\" decoding=\"async\" class=\"wp-image-73 size-medium\" src=\"https:\/\/www.steigerwaldholz.de\/wordpress\/wp-content\/uploads\/2017\/03\/Buche-Leiste-28x28-mm-300x168.jpg\" alt=\"Buche Leiste gehobelt 28x28 mm\" width=\"300\" height=\"168\" srcset=\"https:\/\/www.steigerwaldholz.de\/wordpress\/wp-content\/uploads\/2017\/03\/Buche-Leiste-28x28-mm-300x168.jpg 300w, https:\/\/www.steigerwaldholz.de\/wordpress\/wp-content\/uploads\/2017\/03\/Buche-Leiste-28x28-mm-768x430.jpg 768w, https:\/\/www.steigerwaldholz.de\/wordpress\/wp-content\/uploads\/2017\/03\/Buche-Leiste-28x28-mm.jpg 1024w\" sizes=\"auto, (max-width: 300px) 100vw, 300px\" \/><figcaption id=\"caption-attachment-73\" class=\"wp-caption-text\"><em>Buche Leiste 28&#215;28 mm, gehobelt und Kanten gefast.<\/em><\/figcaption><\/figure>\n<h3 style=\"text-align: left;\">Besonders durch das Internet kommen auch immer wieder interessante Anfragen von Kunden aus ganz Europa.<\/h3>\n<h3 style=\"text-align: left;\">Diesmal sollte aus dem getrockneten Schnittholz eine quadratische Leiste in der Dimension 28&#215;28 mm gehobelt werden.<\/h3>\n<h3 style=\"text-align: left;\"><\/h3>\n<h3 style=\"text-align: left;\">Das Ganze f\u00fcr ein neues Projekt eines K\u00fcnstlers &#8211; eine moderne Rauminstallation.<\/h3>\n<figure id=\"attachment_37\" aria-describedby=\"caption-attachment-37\" style=\"width: 445px\" class=\"wp-caption aligncenter\"><img loading=\"lazy\" decoding=\"async\" class=\"wp-image-37\" src=\"https:\/\/www.steigerwaldholz.de\/wordpress\/wp-content\/uploads\/2017\/03\/Buche-Kunst2-300x200.jpg\" alt=\"Rauminstallation aus Buche Leisten\" width=\"445\" height=\"297\" srcset=\"https:\/\/www.steigerwaldholz.de\/wordpress\/wp-content\/uploads\/2017\/03\/Buche-Kunst2-300x200.jpg 300w, https:\/\/www.steigerwaldholz.de\/wordpress\/wp-content\/uploads\/2017\/03\/Buche-Kunst2-768x513.jpg 768w, https:\/\/www.steigerwaldholz.de\/wordpress\/wp-content\/uploads\/2017\/03\/Buche-Kunst2-1024x684.jpg 1024w, https:\/\/www.steigerwaldholz.de\/wordpress\/wp-content\/uploads\/2017\/03\/Buche-Kunst2.jpg 1600w\" sizes=\"auto, (max-width: 445px) 100vw, 445px\" \/><figcaption id=\"caption-attachment-37\" class=\"wp-caption-text\"><em>Rauminstallation aus gehobelten Buche Leisten.<\/em><\/figcaption><\/figure>\n<h3>Dabei wurde die simple Holzleiste aus fr\u00e4nkischer Buche, durch den K\u00fcnstler zu einem dreidimensionalen Objekt geformt, welches zum Verweilen einl\u00e4dt, Schutz und Intimit\u00e4t bietet.<\/h3>\n<p><img loading=\"lazy\" decoding=\"async\" class=\"aligncenter wp-image-33\" src=\"https:\/\/www.steigerwaldholz.de\/wordpress\/wp-content\/uploads\/2017\/03\/Buche-Kunst-300x200.jpg\" alt=\"Kunstobjekt aus Buche Leisten.\" width=\"455\" height=\"304\" srcset=\"https:\/\/www.steigerwaldholz.de\/wordpress\/wp-content\/uploads\/2017\/03\/Buche-Kunst-300x200.jpg 300w, https:\/\/www.steigerwaldholz.de\/wordpress\/wp-content\/uploads\/2017\/03\/Buche-Kunst-768x513.jpg 768w, https:\/\/www.steigerwaldholz.de\/wordpress\/wp-content\/uploads\/2017\/03\/Buche-Kunst-1024x684.jpg 1024w, https:\/\/www.steigerwaldholz.de\/wordpress\/wp-content\/uploads\/2017\/03\/Buche-Kunst.jpg 1600w\" sizes=\"auto, (max-width: 455px) 100vw, 455px\" \/><\/p>\n<figure id=\"attachment_39\" aria-describedby=\"caption-attachment-39\" style=\"width: 455px\" class=\"wp-caption aligncenter\"><img loading=\"lazy\" decoding=\"async\" class=\"wp-image-39\" src=\"https:\/\/www.steigerwaldholz.de\/wordpress\/wp-content\/uploads\/2017\/03\/Buche-Kunst3-300x200.jpg\" alt=\"Raumobjekt aus gehobelten Buche Leisten\" width=\"455\" height=\"304\" srcset=\"https:\/\/www.steigerwaldholz.de\/wordpress\/wp-content\/uploads\/2017\/03\/Buche-Kunst3-300x200.jpg 300w, https:\/\/www.steigerwaldholz.de\/wordpress\/wp-content\/uploads\/2017\/03\/Buche-Kunst3-768x513.jpg 768w, https:\/\/www.steigerwaldholz.de\/wordpress\/wp-content\/uploads\/2017\/03\/Buche-Kunst3-1024x684.jpg 1024w, https:\/\/www.steigerwaldholz.de\/wordpress\/wp-content\/uploads\/2017\/03\/Buche-Kunst3.jpg 1600w\" sizes=\"auto, (max-width: 455px) 100vw, 455px\" \/><figcaption id=\"caption-attachment-39\" class=\"wp-caption-text\"><em>Raumobjekt aus gehobelten Buche Leisten.<\/em><\/figcaption><\/figure>\n<h3>Gleichzeitig offen f\u00fcr die Welt, Licht einlassend, von komplexer Struktur, \u00e4hnlich dem sch\u00fctzenden Kronendach eines Waldes.<\/h3>\n<h3>Ein Unterschlupf und zugleich R\u00fcckzugsm\u00f6glichkeit im dichten Unterholz des B\u00fcro Dschungels&#8230;<\/h3>\n<p>Von Gerd Wei\u00df<\/p>\n","protected":false},"excerpt":{"rendered":"<p>Wenn ich die St\u00e4mme beim Einkauf im Wald begutachte, frage ich mich oft, was wird wohl in naher Zukunft aus dem wertvollen Rundholz hergestellt werden ? Ich genie\u00dfe diese Ausfl\u00fcge in den Wald immer sehr und meine Gedanken sind dann oft bei den bereits vergangenen Generationen, die uns durch ihre nachhaltige Bewirtschaftung die heutige Holznutzung &hellip; <\/p>\n<p class=\"link-more\"><a href=\"https:\/\/www.steigerwaldholz.de\/wordpress\/hallo-welt\/\" class=\"more-link\"><span class=\"screen-reader-text\">\u201eEine Buche Leiste f\u00fcr die Kunst &#8230;\u201c<\/span> weiterlesen<\/a><\/p>\n","protected":false},"author":1,"featured_media":37,"comment_status":"open","ping_status":"open","sticky":false,"template":"","format":"standard","meta":{"footnotes":""},"categories":[1],"tags":[4],"class_list":["post-1","post","type-post","status-publish","format-standard","has-post-thumbnail","hentry","category-allgemein","tag-buche-leiste-kunst-raumkonzept-installation"],"_links":{"self":[{"href":"https:\/\/www.steigerwaldholz.de\/wordpress\/wp-json\/wp\/v2\/posts\/1","targetHints":{"allow":["GET"]}}],"collection":[{"href":"https:\/\/www.steigerwaldholz.de\/wordpress\/wp-json\/wp\/v2\/posts"}],"about":[{"href":"https:\/\/www.steigerwaldholz.de\/wordpress\/wp-json\/wp\/v2\/types\/post"}],"author":[{"embeddable":true,"href":"https:\/\/www.steigerwaldholz.de\/wordpress\/wp-json\/wp\/v2\/users\/1"}],"replies":[{"embeddable":true,"href":"https:\/\/www.steigerwaldholz.de\/wordpress\/wp-json\/wp\/v2\/comments?post=1"}],"version-history":[{"count":25,"href":"https:\/\/www.steigerwaldholz.de\/wordpress\/wp-json\/wp\/v2\/posts\/1\/revisions"}],"predecessor-version":[{"id":221,"href":"https:\/\/www.steigerwaldholz.de\/wordpress\/wp-json\/wp\/v2\/posts\/1\/revisions\/221"}],"wp:featuredmedia":[{"embeddable":true,"href":"https:\/\/www.steigerwaldholz.de\/wordpress\/wp-json\/wp\/v2\/media\/37"}],"wp:attachment":[{"href":"https:\/\/www.steigerwaldholz.de\/wordpress\/wp-json\/wp\/v2\/media?parent=1"}],"wp:term":[{"taxonomy":"category","embeddable":true,"href":"https:\/\/www.steigerwaldholz.de\/wordpress\/wp-json\/wp\/v2\/categories?post=1"},{"taxonomy":"post_tag","embeddable":true,"href":"https:\/\/www.steigerwaldholz.de\/wordpress\/wp-json\/wp\/v2\/tags?post=1"}],"curies":[{"name":"wp","href":"https:\/\/api.w.org\/{rel}","templated":true}]}}